{"id":2350,"date":"2020-08-11T08:35:54","date_gmt":"2020-08-11T06:35:54","guid":{"rendered":"https:\/\/cendoc.h12o.es\/blog\/?p=2350"},"modified":"2020-08-11T08:35:54","modified_gmt":"2020-08-11T06:35:54","slug":"radiografia-de-torax-en-ninos-con-covid-19-y-h12o","status":"publish","type":"post","link":"https:\/\/cendoc.h12o.es\/blog\/2020\/08\/11\/radiografia-de-torax-en-ninos-con-covid-19-y-h12o\/","title":{"rendered":"Radiograf\u00eda de t\u00f3rax en ni\u00f1os con COVID-19 y H12O"},"content":{"rendered":"<p data-adtags-visited=\"true\">El Servicio de Radiodiagn\u00f3stico del Hospital 12 de Octubre ha participado, a trav\u00e9s de Mar\u00eda Navallas, en un estudio sobre la imagen radiol\u00f3gica de t\u00f3rax en una serie de 91 ni\u00f1os con COVID-19.<\/p>\n<p data-adtags-visited=\"true\"><img loading=\"lazy\" decoding=\"async\" class=\"  wp-image-3871 alignright\" src=\"https:\/\/coronavirusbiblioh12o.files.wordpress.com\/2020\/05\/logo12.jpg?w=203&amp;h=135\" sizes=\"(max-width: 203px) 100vw, 203px\" srcset=\"https:\/\/coronavirusbiblioh12o.files.wordpress.com\/2020\/05\/logo12.jpg?w=203&amp;h=135 203w, https:\/\/coronavirusbiblioh12o.files.wordpress.com\/2020\/05\/logo12.jpg?w=150&amp;h=100 150w, https:\/\/coronavirusbiblioh12o.files.wordpress.com\/2020\/05\/logo12.jpg 275w\" alt=\"logo12\" width=\"203\" height=\"135\" data-attachment-id=\"3871\" data-permalink=\"https:\/\/coronavirusbiblioh12o.wordpress.com\/2020\/05\/06\/7-mas-del-h12o\/logo12\/\" data-orig-file=\"https:\/\/coronavirusbiblioh12o.files.wordpress.com\/2020\/05\/logo12.jpg\" data-orig-size=\"275,183\" data-comments-opened=\"1\" data-image-meta=\"{&quot;aperture&quot;:&quot;0&quot;,&quot;credit&quot;:&quot;&quot;,&quot;camera&quot;:&quot;&quot;,&quot;caption&quot;:&quot;&quot;,&quot;created_timestamp&quot;:&quot;0&quot;,&quot;copyright&quot;:&quot;&quot;,&quot;focal_length&quot;:&quot;0&quot;,&quot;iso&quot;:&quot;0&quot;,&quot;shutter_speed&quot;:&quot;0&quot;,&quot;title&quot;:&quot;&quot;,&quot;orientation&quot;:&quot;0&quot;}\" data-image-title=\"logo12\" data-image-description=\"\" data-medium-file=\"https:\/\/coronavirusbiblioh12o.files.wordpress.com\/2020\/05\/logo12.jpg?w=275\" data-large-file=\"https:\/\/coronavirusbiblioh12o.files.wordpress.com\/2020\/05\/logo12.jpg?w=275\" \/>El estudio ha sido publicado en la revista <em>Pediatric Radiology<\/em> (\u201c<a href=\"https:\/\/link.springer.com\/content\/pdf\/10.1007\/s00247-020-04747-5.pdf\" target=\"_blank\" rel=\"noopener\">Thoracic imaging of coronavirus disease 2019 (COVID-19) in children: a series of 91 cases<\/a>\u201d) y los datos fueron recopilados a trav\u00e9s de la Sociedad Europea de Radiolog\u00eda Pedi\u00e1trica. La mayor\u00eda de los casos analizados presentaron s\u00edntomas leves y tan s\u00f3lo el 11% requiri\u00f3 cuidados intensivos. Se realiz\u00f3 radiograf\u00eda de t\u00f3rax en el 89% de los casos (de los cuales en el 10% los resultados fueron normales) y TC en el 26%. En las radiograf\u00edas se detect\u00f3 engrosamiento de las paredes bronquiales en el 58% de los ni\u00f1os y en el 35%, consolidaci\u00f3n del espacio a\u00e9reo; y en las TC, opacidad en vidrio esmerilado (88%) y tambi\u00e9n consolidaci\u00f3n del espacio a\u00e9reo (58%).<\/p>\n<p data-adtags-visited=\"true\">Los autores concluyen que no es necesario realizar im\u00e1genes de t\u00f3rax para diagnosticar COVID-19 en ni\u00f1os. La radiograf\u00eda de t\u00f3rax se puede utilizar para evaluar la neumon\u00eda o las infecciones de v\u00edas respiratorias, y la TC para evaluar posibles complicaciones en ni\u00f1os con otras patolog\u00edas.<\/p>\n<p data-adtags-visited=\"true\"><em>Equipo Biblioteca H12O<\/em><\/p>\n","protected":false},"excerpt":{"rendered":"<p>El Servicio de Radiodiagn\u00f3stico del Hospital 12 de Octubre ha participado, a trav\u00e9s de Mar\u00eda Navallas, en un estudio sobre la imagen radiol\u00f3gica de t\u00f3rax en una serie de 91 ni\u00f1os con COVID-19. El estudio ha sido publicado en la revista Pediatric Radiology (\u201cThoracic imaging of coronavirus disease 2019 (COVID-19) \u2026<\/p>\n<p class=\"continue-reading-button\"> <a class=\"continue-reading-link\" href=\"https:\/\/cendoc.h12o.es\/blog\/2020\/08\/11\/radiografia-de-torax-en-ninos-con-covid-19-y-h12o\/\">Continuar leyendo<i class=\"crycon-right-dir\"><\/i><\/a><\/p>\n","protected":false},"author":5,"featured_media":0,"comment_status":"open","ping_status":"open","sticky":false,"template":"","format":"standard","meta":{"jetpack_post_was_ever_published":false,"_jetpack_newsletter_access":"","_jetpack_dont_email_post_to_subs":false,"_jetpack_newsletter_tier_id":0,"_jetpack_memberships_contains_paywalled_content":false,"_jetpack_memberships_contains_paid_content":false,"footnotes":"","jetpack_publicize_message":"","jetpack_publicize_feature_enabled":true,"jetpack_social_post_already_shared":true,"jetpack_social_options":{"image_generator_settings":{"template":"highway","enabled":false},"version":2}},"categories":[4,64,46],"tags":[14,65,47],"jetpack_publicize_connections":[],"jetpack_featured_media_url":"","jetpack_shortlink":"https:\/\/wp.me\/p3G9TJ-BU","jetpack_sharing_enabled":true,"_links":{"self":[{"href":"https:\/\/cendoc.h12o.es\/blog\/wp-json\/wp\/v2\/posts\/2350"}],"collection":[{"href":"https:\/\/cendoc.h12o.es\/blog\/wp-json\/wp\/v2\/posts"}],"about":[{"href":"https:\/\/cendoc.h12o.es\/blog\/wp-json\/wp\/v2\/types\/post"}],"author":[{"embeddable":true,"href":"https:\/\/cendoc.h12o.es\/blog\/wp-json\/wp\/v2\/users\/5"}],"replies":[{"embeddable":true,"href":"https:\/\/cendoc.h12o.es\/blog\/wp-json\/wp\/v2\/comments?post=2350"}],"version-history":[{"count":1,"href":"https:\/\/cendoc.h12o.es\/blog\/wp-json\/wp\/v2\/posts\/2350\/revisions"}],"predecessor-version":[{"id":2351,"href":"https:\/\/cendoc.h12o.es\/blog\/wp-json\/wp\/v2\/posts\/2350\/revisions\/2351"}],"wp:attachment":[{"href":"https:\/\/cendoc.h12o.es\/blog\/wp-json\/wp\/v2\/media?parent=2350"}],"wp:term":[{"taxonomy":"category","embeddable":true,"href":"https:\/\/cendoc.h12o.es\/blog\/wp-json\/wp\/v2\/categories?post=2350"},{"taxonomy":"post_tag","embeddable":true,"href":"https:\/\/cendoc.h12o.es\/blog\/wp-json\/wp\/v2\/tags?post=2350"}],"curies":[{"name":"wp","href":"https:\/\/api.w.org\/{rel}","templated":true}]}}