{"id":2446,"date":"2020-11-05T08:49:00","date_gmt":"2020-11-05T07:49:00","guid":{"rendered":"https:\/\/cendoc.h12o.es\/blog\/?p=2446"},"modified":"2020-11-05T08:49:00","modified_gmt":"2020-11-05T07:49:00","slug":"psoriasis-covid-19-y-h12o","status":"publish","type":"post","link":"https:\/\/cendoc.h12o.es\/blog\/2020\/11\/05\/psoriasis-covid-19-y-h12o\/","title":{"rendered":"Psoriasis, COVID-19 y H12O"},"content":{"rendered":"<p data-adtags-visited=\"true\">Las dermat\u00f3logas Raquel Rivera y Carmen Garcia Donoso son coautoras del siguiente art\u00edculo publicado en el <em>Journal of the American Academy of Dermatology<\/em>: <img loading=\"lazy\" decoding=\"async\" class=\" wp-image-3871 alignright\" src=\"https:\/\/coronavirusbiblioh12o.files.wordpress.com\/2020\/05\/logo12.jpg?w=227&amp;h=154\" alt=\"logo12\" width=\"227\" height=\"154\" data-attachment-id=\"3871\" data-permalink=\"https:\/\/coronavirusbiblioh12o.wordpress.com\/2020\/05\/06\/7-mas-del-h12o\/logo12\/\" data-orig-file=\"https:\/\/coronavirusbiblioh12o.files.wordpress.com\/2020\/05\/logo12.jpg\" data-orig-size=\"275,183\" data-comments-opened=\"1\" data-image-meta=\"{&quot;aperture&quot;:&quot;0&quot;,&quot;credit&quot;:&quot;&quot;,&quot;camera&quot;:&quot;&quot;,&quot;caption&quot;:&quot;&quot;,&quot;created_timestamp&quot;:&quot;0&quot;,&quot;copyright&quot;:&quot;&quot;,&quot;focal_length&quot;:&quot;0&quot;,&quot;iso&quot;:&quot;0&quot;,&quot;shutter_speed&quot;:&quot;0&quot;,&quot;title&quot;:&quot;&quot;,&quot;orientation&quot;:&quot;0&quot;}\" data-image-title=\"logo12\" data-image-description=\"\" data-medium-file=\"https:\/\/coronavirusbiblioh12o.files.wordpress.com\/2020\/05\/logo12.jpg?w=275\" data-large-file=\"https:\/\/coronavirusbiblioh12o.files.wordpress.com\/2020\/05\/logo12.jpg?w=275\" \/>\u201c<a href=\"https:\/\/www.jaad.org\/article\/S0190-9622(20)32858-9\/pdf\" target=\"_blank\" rel=\"noopener noreferrer\">Incidence of severe COVID-19 outcomes in psoriatic patients treated with systemic therapies during the pandemic: a Biobadaderm cohort analysis<\/a>\u201d.<\/p>\n<p data-adtags-visited=\"true\">En esta carta al editor se analiza el impacto de la COVID-19 en pacientes con psoriasis con tratamientos sist\u00e9micos a partir de los datos de una cohorte prospectiva, multic\u00e9ntrica y nacional recogidos por el grupo de trabajo Biobadaderm, un proyecto de la Fundaci\u00f3n Piel Sana promovido por la Academia Espa\u00f1ola de Dermatolog\u00eda y Venereolog\u00eda. De los 2.329 pacientes con tratamiento por psoriasis incluidos en el estudio tan s\u00f3lo el 3% fue diagnosticado por COVID y el 0,04% necesit\u00f3 hospitalizaci\u00f3n. Aunque es necesario confirmar los avances de este estudio, los autores concluyen que estos tratamientos en pacientes psori\u00e1sicos no aumentan ni la susceptibilidad ni la gravedad de la COVID-19.<\/p>\n<p data-adtags-visited=\"true\"><em>Equipo Biblioteca H12O<\/em><\/p>\n","protected":false},"excerpt":{"rendered":"<p>Las dermat\u00f3logas Raquel Rivera y Carmen Garcia Donoso son coautoras del siguiente art\u00edculo publicado en el Journal of the American Academy of Dermatology: \u201cIncidence of severe COVID-19 outcomes in psoriatic patients treated with systemic therapies during the pandemic: a Biobadaderm cohort analysis\u201d. En esta carta al editor se analiza el \u2026<\/p>\n<p class=\"continue-reading-button\"> <a class=\"continue-reading-link\" href=\"https:\/\/cendoc.h12o.es\/blog\/2020\/11\/05\/psoriasis-covid-19-y-h12o\/\">Continuar leyendo<i class=\"crycon-right-dir\"><\/i><\/a><\/p>\n","protected":false},"author":5,"featured_media":0,"comment_status":"open","ping_status":"open","sticky":false,"template":"","format":"standard","meta":{"jetpack_post_was_ever_published":false,"_jetpack_newsletter_access":"","_jetpack_dont_email_post_to_subs":false,"_jetpack_newsletter_tier_id":0,"_jetpack_memberships_contains_paywalled_content":false,"_jetpack_memberships_contains_paid_content":false,"footnotes":"","jetpack_publicize_message":"","jetpack_publicize_feature_enabled":true,"jetpack_social_post_already_shared":true,"jetpack_social_options":{"image_generator_settings":{"template":"highway","enabled":false},"version":2}},"categories":[4,64,46],"tags":[],"jetpack_publicize_connections":[],"jetpack_featured_media_url":"","jetpack_shortlink":"https:\/\/wp.me\/p3G9TJ-Ds","jetpack_sharing_enabled":true,"_links":{"self":[{"href":"https:\/\/cendoc.h12o.es\/blog\/wp-json\/wp\/v2\/posts\/2446"}],"collection":[{"href":"https:\/\/cendoc.h12o.es\/blog\/wp-json\/wp\/v2\/posts"}],"about":[{"href":"https:\/\/cendoc.h12o.es\/blog\/wp-json\/wp\/v2\/types\/post"}],"author":[{"embeddable":true,"href":"https:\/\/cendoc.h12o.es\/blog\/wp-json\/wp\/v2\/users\/5"}],"replies":[{"embeddable":true,"href":"https:\/\/cendoc.h12o.es\/blog\/wp-json\/wp\/v2\/comments?post=2446"}],"version-history":[{"count":1,"href":"https:\/\/cendoc.h12o.es\/blog\/wp-json\/wp\/v2\/posts\/2446\/revisions"}],"predecessor-version":[{"id":2447,"href":"https:\/\/cendoc.h12o.es\/blog\/wp-json\/wp\/v2\/posts\/2446\/revisions\/2447"}],"wp:attachment":[{"href":"https:\/\/cendoc.h12o.es\/blog\/wp-json\/wp\/v2\/media?parent=2446"}],"wp:term":[{"taxonomy":"category","embeddable":true,"href":"https:\/\/cendoc.h12o.es\/blog\/wp-json\/wp\/v2\/categories?post=2446"},{"taxonomy":"post_tag","embeddable":true,"href":"https:\/\/cendoc.h12o.es\/blog\/wp-json\/wp\/v2\/tags?post=2446"}],"curies":[{"name":"wp","href":"https:\/\/api.w.org\/{rel}","templated":true}]}}