{"id":3496,"date":"2022-04-28T08:26:04","date_gmt":"2022-04-28T06:26:04","guid":{"rendered":"https:\/\/cendoc.h12o.es\/blog\/?p=3496"},"modified":"2022-04-28T08:26:04","modified_gmt":"2022-04-28T06:26:04","slug":"fractura-de-cadera-y-covid-19-2","status":"publish","type":"post","link":"https:\/\/cendoc.h12o.es\/blog\/2022\/04\/28\/fractura-de-cadera-y-covid-19-2\/","title":{"rendered":"Fractura de cadera y COVID-19"},"content":{"rendered":"<p>Cristina Ojeda, del Servicio de Cirug\u00eda Ortop\u00e9dica y Traumatolog\u00eda del Hospital 12 de Octubre, participa como autora en el estudio <a href=\"https:\/\/www.sciencedirect.com\/science\/article\/pii\/S1479666X2200049X?via%3Dihub\">IMPACT-Global Hip Fracture Audit,<\/a> <img loading=\"lazy\" decoding=\"async\" class=\" wp-image-3871 alignright\" src=\"https:\/\/coronavirusbiblioh12o.files.wordpress.com\/2020\/05\/logo12.jpg?w=216&amp;h=147\" alt=\"logo12\" width=\"216\" height=\"147\" data-attachment-id=\"3871\" data-permalink=\"https:\/\/coronavirusbiblioh12o.wordpress.com\/2020\/05\/06\/7-mas-del-h12o\/logo12\/\" data-orig-file=\"https:\/\/coronavirusbiblioh12o.files.wordpress.com\/2020\/05\/logo12.jpg\" data-orig-size=\"275,183\" data-comments-opened=\"1\" data-image-meta=\"{&quot;aperture&quot;:&quot;0&quot;,&quot;credit&quot;:&quot;&quot;,&quot;camera&quot;:&quot;&quot;,&quot;caption&quot;:&quot;&quot;,&quot;created_timestamp&quot;:&quot;0&quot;,&quot;copyright&quot;:&quot;&quot;,&quot;focal_length&quot;:&quot;0&quot;,&quot;iso&quot;:&quot;0&quot;,&quot;shutter_speed&quot;:&quot;0&quot;,&quot;title&quot;:&quot;&quot;,&quot;orientation&quot;:&quot;0&quot;}\" data-image-title=\"logo12\" data-image-description=\"\" data-image-caption=\"\" data-medium-file=\"https:\/\/coronavirusbiblioh12o.files.wordpress.com\/2020\/05\/logo12.jpg?w=275\" data-large-file=\"https:\/\/coronavirusbiblioh12o.files.wordpress.com\/2020\/05\/logo12.jpg?w=275\" \/>publicado en <em>The Surgeon<\/em>. Su objetivo es evaluar la prevalencia de COVID-19 preoperatoria y postoperatoria en pacientes con fractura de cadera, su efecto sobre la mortalidad a los 30 d\u00edas y los factores cl\u00ednicos asociados.<\/p>\n<p>Se trata de una investigaci\u00f3n multic\u00e9ntrica realizada en 112 centros de 14 pa\u00edses con datos de pacientes con fractura de cadera entre el 1 de marzo y el 31 de mayo de 2020. Se registraron datos demogr\u00e1ficos, lugar de residencia, lesi\u00f3n, an\u00e1lisis de sangre, puntuaci\u00f3n de fractura de cadera de Nottingham, tiempo de espera hasta cirug\u00eda, tratamiento, grado ASA, duraci\u00f3n de la estancia, COVID-19 y estado de mortalidad a los 30 d\u00edas.<\/p>\n<p>Se incluyeron 7.090 pacientes, con una edad media de 82, siendo mujeres el 70%. De 651 pacientes diagnosticados de COVID-19, el 35% fue positivo en el momento de la presentaci\u00f3n y el 65% en el postoperatorio. El estado positivo de COVID-19 se asoci\u00f3 de forma independiente con el sexo masculino, la atenci\u00f3n en residencia, la ca\u00edda del paciente hospitalizado, el c\u00e1ncer, los grados ASA 4 o 5 y un ingreso m\u00e1s prolongado. La COVID-19 se asoci\u00f3 de forma independiente con un mayor riesgo de mortalidad a los 30 d\u00edas. El aumento de la edad, el sexo masculino, la enfermedad renal y la enfermedad pulmonar se asociaron de forma independiente con un mayor riesgo de mortalidad a los 30 d\u00edas en pacientes con COVID-19 cuando se ajustaron los factores de confusi\u00f3n.<\/p>\n<p>Los autores concluyen que la prevalencia de COVID-19 en pacientes con fractura de cadera durante la primera oleada de la pandemia fue del 9%, y se asoci\u00f3 de forma independiente con un riesgo de mortalidad a los 30 d\u00edas tres veces mayor.<\/p>\n<p><em>Equipo Biblioteca H12O<\/em><\/p>\n","protected":false},"excerpt":{"rendered":"<p>Cristina Ojeda, del Servicio de Cirug\u00eda Ortop\u00e9dica y Traumatolog\u00eda del Hospital 12 de Octubre, participa como autora en el estudio IMPACT-Global Hip Fracture Audit, publicado en The Surgeon. Su objetivo es evaluar la prevalencia de COVID-19 preoperatoria y postoperatoria en pacientes con fractura de cadera, su efecto sobre la mortalidad \u2026<\/p>\n<p class=\"continue-reading-button\"> <a class=\"continue-reading-link\" href=\"https:\/\/cendoc.h12o.es\/blog\/2022\/04\/28\/fractura-de-cadera-y-covid-19-2\/\">Continuar leyendo<i class=\"crycon-right-dir\"><\/i><\/a><\/p>\n","protected":false},"author":5,"featured_media":0,"comment_status":"open","ping_status":"open","sticky":false,"template":"","format":"standard","meta":{"jetpack_post_was_ever_published":false,"_jetpack_newsletter_access":"","_jetpack_dont_email_post_to_subs":false,"_jetpack_newsletter_tier_id":0,"_jetpack_memberships_contains_paywalled_content":false,"_jetpack_memberships_contains_paid_content":false,"footnotes":"","jetpack_publicize_message":"","jetpack_publicize_feature_enabled":true,"jetpack_social_post_already_shared":true,"jetpack_social_options":{"image_generator_settings":{"template":"highway","enabled":false},"version":2}},"categories":[4,64,46],"tags":[],"jetpack_publicize_connections":[],"jetpack_featured_media_url":"","jetpack_shortlink":"https:\/\/wp.me\/p3G9TJ-Uo","jetpack_sharing_enabled":true,"_links":{"self":[{"href":"https:\/\/cendoc.h12o.es\/blog\/wp-json\/wp\/v2\/posts\/3496"}],"collection":[{"href":"https:\/\/cendoc.h12o.es\/blog\/wp-json\/wp\/v2\/posts"}],"about":[{"href":"https:\/\/cendoc.h12o.es\/blog\/wp-json\/wp\/v2\/types\/post"}],"author":[{"embeddable":true,"href":"https:\/\/cendoc.h12o.es\/blog\/wp-json\/wp\/v2\/users\/5"}],"replies":[{"embeddable":true,"href":"https:\/\/cendoc.h12o.es\/blog\/wp-json\/wp\/v2\/comments?post=3496"}],"version-history":[{"count":1,"href":"https:\/\/cendoc.h12o.es\/blog\/wp-json\/wp\/v2\/posts\/3496\/revisions"}],"predecessor-version":[{"id":3497,"href":"https:\/\/cendoc.h12o.es\/blog\/wp-json\/wp\/v2\/posts\/3496\/revisions\/3497"}],"wp:attachment":[{"href":"https:\/\/cendoc.h12o.es\/blog\/wp-json\/wp\/v2\/media?parent=3496"}],"wp:term":[{"taxonomy":"category","embeddable":true,"href":"https:\/\/cendoc.h12o.es\/blog\/wp-json\/wp\/v2\/categories?post=3496"},{"taxonomy":"post_tag","embeddable":true,"href":"https:\/\/cendoc.h12o.es\/blog\/wp-json\/wp\/v2\/tags?post=3496"}],"curies":[{"name":"wp","href":"https:\/\/api.w.org\/{rel}","templated":true}]}}